{"id":21871,"date":"2023-12-12T10:14:46","date_gmt":"2023-12-12T10:14:46","guid":{"rendered":"https:\/\/laweuro.com\/?p=21871"},"modified":"2023-12-12T10:15:06","modified_gmt":"2023-12-12T10:15:06","slug":"case-of-mecit-and-others-v-turkiye-69884-17-and-81-others","status":"publish","type":"post","link":"https:\/\/laweuro.com\/?p=21871","title":{"rendered":"CASE OF MECIT AND OTHERS v. T\u00dcRK\u0130YE &#8211; 69884\/17 and 81 others"},"content":{"rendered":"<p>The present applications mainly concern the arrest and pre-trial detention of the applicants in the aftermath of the coup attempt of 15\u00a0July\u00a02016, on suspicion of their membership of an organisation described by the Turkish authorities as the\u00a0\u201cFetullahist Terror Organisation \/ Parallel State Structure\u201d<\/p>\n<hr \/>\n<p style=\"text-align: center;\">European Court of Human Rights<br \/>\nSECOND SECTION<br \/>\n<strong>CASE OF MEC\u0130T AND OTHERS v. T\u00dcRK\u0130YE<\/strong><br \/>\n<em>(Applications nos. 69884\/17 and 81 others)<\/em><br \/>\nJUDGMENT<br \/>\nSTRASBOURG<br \/>\n12 December 2023<\/p>\n<p>This judgment is final but it may be subject to editorial revision.<\/p>\n<p><strong>In the case of Mecit and Others v. T\u00fcrkiye,<\/strong><\/p>\n<p>The European Court of Human Rights (Second Section), sitting as a Committee composed of:<\/p>\n<p>Jovan Ilievski, President,<br \/>\nLorraine Schembri Orland,<br \/>\nDiana S\u00e2rcu, judges,<br \/>\nand Dorothee von Arnim, Deputy Section Registrar,<\/p>\n<p>Having regard to:<\/p>\n<p>the applications against the Republic of T\u00fcrkiye lodged with the Court under Article 34 of the Convention for the Protection of Human Rights and Fundamental Freedoms (\u201cthe Convention\u201d) by eighty-two Turkish nationals, whose relevant details are listed in the appended table (\u201cthe applicants\u201d), on the various dates indicated therein;<br \/>\nthe decision to give notice of the complaints under Article 5 of the Convention concerning the alleged lack of reasonable suspicion regarding the commission of an offence, the alleged lack of relevant and sufficient reasons when ordering and extending the pre-trial detention, the length of pre-trial detention and the ineffectiveness of the judicial review of the lawfulness of detention to the Turkish Government (\u201cthe Government\u201d) represented by their Agent, Mr Hac\u0131 Ali A\u00e7\u0131kg\u00fcl, Head of the Department of Human Rights of the Ministry of Justice of the Republic of T\u00fcrkiye, and to declare inadmissible the remainder of the applications;<\/p>\n<p>the parties\u2019 observations;<br \/>\nthe decision to reject the Government\u2019s objection to the examination of the applications by a Committee;<\/p>\n<p>Having deliberated in private on 21 November 2023,<\/p>\n<p>Delivers the following judgment, which was adopted on that date:<\/p>\n<p><strong>SUBJECT MATTER OF THE CASE<\/strong><\/p>\n<p>1. The present applications mainly concern the arrest and pre-trial detention of the applicants in the aftermath of the coup attempt of 15\u00a0July\u00a02016, on suspicion of their membership of an organisation described by the Turkish authorities as the\u00a0\u201cFetullahist Terror Organisation \/ Parallel State Structure\u201d (Fetullah\u00e7\u0131 Ter\u00f6r \u00d6rg\u00fct\u00fc \/ Paralel Devlet Yap\u0131lanmas\u0131, hereinafter referred to as \u201cFET\u00d6\/PDY\u201d), which was considered by the authorities to be behind the coup attempt (for further background information see Akg\u00fcn v. Turkey, no. 19699\/18, \u00a7\u00a7 3-9 and \u00a7\u00a7 106-07, 20 July 2021).<\/p>\n<p>2. On various dates, the applicants were arrested and placed in pre-trial detention, mainly on suspicion of membership of the FET\u00d6\/PDY, an offence punishable under Article 314 of the Criminal Code (see Ba\u015f v.\u00a0Turkey, no.\u00a066448\/17, \u00a7 58, 3 March 2020). The detention orders relied principally on the nature of the alleged offence, the state of the evidence and the potential sentence. It was also noted that investigations into the coup attempt were being conducted across the country, that statements had not yet been taken from all the suspects and that the alleged offence was among the \u201ccatalogue\u201d offences listed in Article\u00a0100\u00a0\u00a7\u00a03 of the Code of Criminal Procedure (CCP) (for the text of Article 100 of the CCP, as relevant, see Ba\u015f, cited above, \u00a7\u00a061). It appears from the initial detention orders and the documents available in the case files that the majority of the applicants were identified as users of the ByLock messaging system. Moreover, some of the applicants were suspected of financing the FET\u00d6\/PDY in view of their use of accounts in Bank Asya \u2013\u00a0a bank allegedly linked to FET\u00d6\/PDY \u2013, possession of pro-FET\u00d6\/PDY publications and\/or United States one-dollar bills with an \u201cF\u201d serial number (denoting the initial of the forename \u201cFetullah\u201d), and\/or their employment by and\/or memberships in FET\u00d6\/PDY-affiliated institutions and organisations. The challenges brought by the applicants against their detention, including by reason of the alleged lack of reasonable suspicion of having committed the offence imputed to them, were dismissed, including by the Constitutional Court.<\/p>\n<p>3. According to the latest information provided by the parties, most of the applicants were convicted of membership of a terrorist organisation by the first instance courts. It appears that, for the most part, the criminal proceedings are still pending before appeal courts or the Constitutional Court.<\/p>\n<p><strong>THE COURT\u2019S ASSESSMENT<\/strong><\/p>\n<p><strong>I. JOINDER OF THE APPLICATIONS<\/strong><\/p>\n<p>4. Having regard to the similar subject matter of the applications, the Court finds it appropriate to examine them jointly in a single judgment.<\/p>\n<p><strong>II. ALLEGED VIOLATION OF ARTICLE 5 \u00a7 1 OF THE CONVENTION<\/strong><\/p>\n<p>5. The applicants complained that there had been no specific evidence\u00a0giving rise to a reasonable suspicion, within the meaning of Article\u00a05 \u00a7 1 (c) of the Convention, that they had committed a criminal offence necessitating pre-trial detention.<\/p>\n<p>6. The Government urged the Court to declare this complaint inadmissible in respect of the applicants who had not made use of the compensatory remedy under Article 141 of the Code of Criminal Procedure, or whose compensation claims were still pending. They further asked the Court to declare the applications inadmissible for abuse of the right of application to the extent that the applicants had not informed the Court of the developments in their cases following the lodging of their applications.<\/p>\n<p>7. The Court notes that similar objections have\u00a0already been dismissed in other cases against T\u00fcrkiye (see, for instance, Ba\u015f v. Turkey, no.\u00a066448\/17, \u00a7\u00a7\u00a0118-21, and Turan and Others v. Turkey, nos. 75805\/16 and 426 others, \u00a7\u00a7\u00a057-64, 23\u00a0November 2021), and sees no reason to depart from those findings in the present case. The Court therefore considers that this complaint is not manifestly ill-founded within the meaning of Article\u00a035\u00a0\u00a7\u00a03\u00a0(a) of the Convention or inadmissible on any other grounds. It must therefore be declared admissible.<\/p>\n<p>8. The Court notes that the applicants\u2019 initial pre-trial detention was based on information indicating their use of the ByLock messaging system, banking activities considered as financing the FET\u00d6\/PDY, subscriptions to certain pro-FET\u00d6\/PDY publications, having in their possessions United States one\u2011dollar bills with an \u201cF\u201d serial number, and\/or their employment by and\/or memberships in FET\u00d6\/PDY-affiliated institutions and organisations. To the extent that the detention orders have taken into account the applicants\u2019 alleged use of the ByLock messaging system, the Court notes that it has already found that the use of ByLock was not of a nature to constitute \u201creasonable suspicion\u201d within the meaning of Article\u00a05\u00a0\u00a7\u00a01\u00a0(c) in respect of the offence attributed to the applicants (see Akg\u00fcn v. Turkey, no.\u00a019699\/18, \u00a7\u00a7 151-85, 20\u00a0July 2021, and Taner K\u0131l\u0131\u00e7 v. Turkey (no. 2), no.\u00a0208\/18, \u00a7\u00a7\u00a0102-03 and 106-09, 31 May 2022). The Court further considers, as relevant, that the other acts imputed to the applicants (see paragraph 2 above) were merely circumstantial elements which, in the absence of any other information capable of justifying the suspicions in question, benefited from the presumption of legality and cannot reasonably be regarded as constituting a body of evidence demonstrating the applicants\u2019 membership of a terrorist organisation (compare Taner K\u0131l\u0131\u00e7, cited above, \u00a7\u00a7 104-05 and the cases cited therein).<\/p>\n<p>9. Since the Government have not provided any other indications, \u201cfacts\u201d or \u201cinformation\u201d capable of satisfying it that the applicants were \u201creasonably suspected\u201d, at the time of their initial detention, of having committed the alleged offence, the Court finds that the requirements of\u00a0Article\u00a05\u00a0\u00a7\u00a01\u00a0(c)\u00a0regarding the \u201creasonableness\u201d of a suspicion justifying detention have not been satisfied (see Ba\u015f, cited above, \u00a7\u00a0195, and Taner K\u0131l\u0131\u00e7, cited above, \u00a7\u00a7 114-16). At this juncture, it cannot be maintained, as the Government did, that the mere fact that the applicants were not members of the judiciary had any bearing on the conclusion reached. It moreover considers that while the applicants were detained a short time after the coup attempt \u2013 that is, the event that prompted the declaration of the state of emergency and the notice of derogation by T\u00fcrkiye \u2013, which is undoubtedly a contextual factor that should be fully taken into account in interpreting and applying Article\u00a05 of the Convention in the present case, the measure at issue cannot be said to have been strictly required by the exigencies of the situation (compare Ba\u015f, cited above, \u00a7\u00a7\u00a0115-16 and \u00a7\u00a7\u00a0196\u2011201). It therefore concludes that there has been a violation of Article 5 \u00a7 1 of the Convention.<\/p>\n<p><strong>III. OTHER COMPLAINTS<\/strong><\/p>\n<p>10. As regards any remaining complaints under Article 5 \u00a7\u00a7 1, 3 and 4 of the Convention, the Court decides not to examine them, in view of its findings under Article 5 \u00a7 1 above and its considerations in the case of Turan and Others (cited above, \u00a7 98).<\/p>\n<p><strong>APPLICATION OF ARTICLE 41 OF THE CONVENTION<\/strong><\/p>\n<p>11. The applicants, except for the applicants in application nos. 6670\/18, 7824\/19, 9380\/19 and 9462\/19, requested compensation in varying amounts in respect of non\u2011pecuniary damage within the time-limit allotted. Most of the applicants in question also claimed pecuniary damage, as well as the legal costs and expenses incurred before the domestic courts and the Court.<\/p>\n<p>12. The Government contested the applicants\u2019 claims as being unsubstantiated and excessive.<\/p>\n<p>13. For the reasons put forth in Turan and Others (cited above, \u00a7\u00a7\u00a0102\u201107), the Court rejects any claims for pecuniary damage and awards each of the applicants, save for the applicants in application nos.\u00a06670\/18, 7824\/19, 9380\/19 and 9462\/19, a lump sum of 5,000 euros (EUR), covering non-pecuniary damage and costs and expenses, plus any tax that may be chargeable on that amount.<\/p>\n<p><strong>FOR THESE REASONS, THE COURT, UNANIMOUSLY,<\/strong><\/p>\n<p>1. Decides to join the applications;<\/p>\n<p>2. Declares the complaint under Article 5 \u00a7 1 of the Convention, concerning the alleged lack of reasonable suspicion, at the time of the applicants\u2019 initial pre-trial detention, that they had committed an offence, admissible;<\/p>\n<p>3. Holds that there has been a violation of Article 5 \u00a7 1 of the Convention on account of the lack of reasonable suspicion, at the time of the applicants\u2019 initial pre-trial detention, that they had committed an offence;<\/p>\n<p>4. Holds that there is no need to examine the admissibility and merits of the applicants\u2019 remaining complaints under Article 5 of the Convention;<\/p>\n<p>5. Holds<\/p>\n<p>(a) that the respondent State is to pay each of the applicants, save for the applicants in application nos. 6670\/18, 7824\/19, 9380\/19 and 9462\/19, within three months, EUR 5,000 (five thousand euros) in respect of non-pecuniary damage and costs and expenses, plus any tax that may be chargeable on this amount, which is to be converted into the currency of the respondent State at the rate applicable at the date of settlement;<\/p>\n<p>(b) that from the expiry of the above-mentioned three months until settlement simple interest shall be payable on the above amount at a rate equal to the marginal lending rate of the European Central Bank during the default period plus three percentage points;<\/p>\n<p>6. Dismisses the remainder of the applicants\u2019 claims for just satisfaction.<\/p>\n<p>Done in English, and notified in writing on 12 December 2023, pursuant to Rule\u00a077\u00a0\u00a7\u00a7\u00a02 and 3 of the Rules of Court.<\/p>\n<p>Dorothee von Arnim\u00a0\u00a0\u00a0\u00a0\u00a0\u00a0\u00a0\u00a0\u00a0\u00a0\u00a0\u00a0\u00a0\u00a0 Jovan Ilievski<br \/>\nDeputy Registrar\u00a0\u00a0\u00a0\u00a0\u00a0\u00a0\u00a0\u00a0\u00a0\u00a0\u00a0\u00a0\u00a0\u00a0\u00a0\u00a0\u00a0\u00a0\u00a0\u00a0\u00a0\u00a0 President<\/p>\n<p>___________<\/p>\n<p style=\"text-align: center;\"><strong>APPENDIX<\/strong><\/p>\n<p>List of cases:<\/p>\n<table width=\"576\">\n<thead>\n<tr>\n<td colspan=\"2\"><strong>No.<\/strong><\/td>\n<td><strong>Application no.<\/strong><\/td>\n<td><strong>Case name<\/strong><\/td>\n<td width=\"88\"><strong>Lodged on<\/strong><\/td>\n<td width=\"149\"><strong>Applicant<br \/>\nYear of Birth<br \/>\nPlace of Residence<br \/>\nNationality<\/strong><\/td>\n<td width=\"139\"><strong>Represented by<\/strong><\/td>\n<\/tr>\n<\/thead>\n<tbody>\n<tr>\n<td colspan=\"2\">1.<\/td>\n<td>69884\/17<\/td>\n<td>Mecit v. T\u00fcrkiye<\/td>\n<td width=\"88\">04\/09\/2017<\/td>\n<td width=\"149\"><strong>Hamit MEC\u0130T<\/strong><br \/>\n1972<br \/>\nMalatya<br \/>\nTurkish<\/td>\n<td width=\"139\">B\u00fc\u015fra KESER<\/td>\n<\/tr>\n<tr>\n<td colspan=\"2\">2.<\/td>\n<td>4625\/18<\/td>\n<td>\u00c7evik v. T\u00fcrkiye<\/td>\n<td width=\"88\">13\/07\/2017<\/td>\n<td width=\"149\"><strong>Hasan H\u00fcseyin \u00c7EV\u0130K<\/strong><br \/>\n1973<br \/>\nKonya<br \/>\nTurkish<\/td>\n<td width=\"139\">Mustafa DEM\u0130R<\/td>\n<\/tr>\n<tr>\n<td colspan=\"2\">3.<\/td>\n<td>4697\/18<\/td>\n<td>Tarhan v. T\u00fcrkiye<\/td>\n<td width=\"88\">13\/07\/2017<\/td>\n<td width=\"149\"><strong>Osman TARHAN<\/strong><br \/>\n1980<br \/>\nKonya<br \/>\nTurkish<\/td>\n<td width=\"139\">Mustafa DEM\u0130R<\/td>\n<\/tr>\n<tr>\n<td colspan=\"2\">4.<\/td>\n<td>6670\/18<\/td>\n<td>\u00d6zkul v. T\u00fcrkiye<\/td>\n<td width=\"88\">09\/01\/2018<\/td>\n<td width=\"149\"><strong>Salih \u00d6ZKUL<\/strong><br \/>\n1987<br \/>\nAnkara<br \/>\nTurkish<\/td>\n<td width=\"139\">Abidin \u015eAH\u0130N<\/td>\n<\/tr>\n<tr>\n<td colspan=\"2\">5.<\/td>\n<td>9584\/18<\/td>\n<td>Y\u00fcceda\u011f v. T\u00fcrkiye<\/td>\n<td width=\"88\">13\/02\/2018<\/td>\n<td width=\"149\"><strong>Mesut Y\u00dcCEDA\u011e<\/strong><br \/>\n1989<br \/>\nBursa<br \/>\nTurkish<\/td>\n<td width=\"139\">Fatma ALBAYRAK<\/td>\n<\/tr>\n<tr>\n<td colspan=\"2\">6.<\/td>\n<td>9585\/18<\/td>\n<td>Aydo\u011fmu\u015f v. T\u00fcrkiye<\/td>\n<td width=\"88\">13\/02\/2018<\/td>\n<td width=\"149\"><strong>Yasin AYDO\u011eMU\u015e<\/strong><br \/>\n1982<br \/>\nAnkara<br \/>\nTurkish<\/td>\n<td width=\"139\">Fatma ALBAYRAK<\/td>\n<\/tr>\n<tr>\n<td colspan=\"2\">7.<\/td>\n<td>9586\/18<\/td>\n<td>S\u0131ryol v. T\u00fcrkiye<\/td>\n<td width=\"88\">13\/02\/2018<\/td>\n<td width=\"149\"><strong>M\u00fcnevver SIRYOL<\/strong><br \/>\n1985<br \/>\nIstanbul<br \/>\nTurkish<\/td>\n<td width=\"139\">Fatma ALBAYRAK<\/td>\n<\/tr>\n<tr>\n<td colspan=\"2\">8.<\/td>\n<td>12124\/18<\/td>\n<td>\u00d6zcan v. T\u00fcrkiye<\/td>\n<td width=\"88\">06\/03\/2018<\/td>\n<td width=\"149\"><strong>Abdurrahman \u00d6ZCAN<\/strong><br \/>\n1975<br \/>\nIstanbul<br \/>\nTurkish<\/td>\n<td width=\"139\">Fatma ALBAYRAK<\/td>\n<\/tr>\n<tr>\n<td colspan=\"2\">9.<\/td>\n<td>12490\/18<\/td>\n<td>Mila v. T\u00fcrkiye<\/td>\n<td width=\"88\">02\/03\/2018<\/td>\n<td width=\"149\"><strong>Mehmet M\u0130LA<\/strong><br \/>\n1983<br \/>\nVan<br \/>\nTurkish<\/td>\n<td width=\"139\">B\u00fc\u015fra KURT K\u00dc\u00c7\u00dcK<\/td>\n<\/tr>\n<tr>\n<td colspan=\"2\">10.<\/td>\n<td>26360\/18<\/td>\n<td>Karakaya v. T\u00fcrkiye<\/td>\n<td width=\"88\">08\/05\/2018<\/td>\n<td width=\"149\"><strong>Musa KARAKAYA<\/strong><br \/>\n1979<br \/>\nAyd\u0131n<br \/>\nTurkish<\/td>\n<td width=\"139\">Adem KAPLAN<\/td>\n<\/tr>\n<tr>\n<td colspan=\"2\">11.<\/td>\n<td>27004\/18<\/td>\n<td>Boran v. T\u00fcrkiye<\/td>\n<td width=\"88\">18\/05\/2018<\/td>\n<td width=\"149\"><strong>Hasan Basri BORAN<\/strong><br \/>\n1973<br \/>\nAdana<br \/>\nTurkish<\/td>\n<td width=\"139\">Sinan TUMLUKOL\u00c7U<\/td>\n<\/tr>\n<tr>\n<td colspan=\"2\">12.<\/td>\n<td>27075\/18<\/td>\n<td>Dursun v. T\u00fcrkiye<\/td>\n<td width=\"88\">18\/05\/2018<\/td>\n<td width=\"149\"><strong>Ya\u015far DURSUN<\/strong><br \/>\n1975<br \/>\n\u00c7ank\u0131r\u0131<br \/>\nTurkish<\/td>\n<td width=\"139\">Adem KAPLAN<\/td>\n<\/tr>\n<tr>\n<td colspan=\"2\">13.<\/td>\n<td>27086\/18<\/td>\n<td>Duran v. T\u00fcrkiye<\/td>\n<td width=\"88\">18\/05\/2018<\/td>\n<td width=\"149\"><strong>Erdal DURAN<\/strong><br \/>\n1976<br \/>\n\u00c7ank\u0131r\u0131<br \/>\nTurkish<\/td>\n<td width=\"139\">Adem KAPLAN<\/td>\n<\/tr>\n<tr>\n<td colspan=\"2\">14.<\/td>\n<td>29602\/18<\/td>\n<td>\u00d6z v. T\u00fcrkiye<\/td>\n<td width=\"88\">11\/06\/2018<\/td>\n<td width=\"149\"><strong>Mahmut \u00d6Z<\/strong><br \/>\n1984<br \/>\nKastamonu<br \/>\nTurkish<\/td>\n<td width=\"139\">Fatma Zehra \u00d6ZD\u0130P\u0130<\/td>\n<\/tr>\n<tr>\n<td colspan=\"2\">15.<\/td>\n<td>30140\/18<\/td>\n<td>Bereket v. T\u00fcrkiye<\/td>\n<td width=\"88\">13\/06\/2018<\/td>\n<td width=\"149\"><strong>\u00d6mer BEREKET<\/strong><br \/>\n1975<br \/>\nGaziantep<br \/>\nTurkish<\/td>\n<td width=\"139\">Fad\u0131l ULUTA\u015e<\/td>\n<\/tr>\n<tr>\n<td colspan=\"2\">16.<\/td>\n<td>40409\/18<\/td>\n<td>\u00d6zt\u00fcrk v. T\u00fcrkiye<\/td>\n<td width=\"88\">06\/08\/2018<\/td>\n<td width=\"149\"><strong>Celal \u00d6ZT\u00dcRK<\/strong><br \/>\n1971<br \/>\nSinop<br \/>\nTurkish<\/td>\n<td width=\"139\">Bekir DEM\u0130RC\u0130O\u011eLU<\/td>\n<\/tr>\n<tr>\n<td colspan=\"2\">17.<\/td>\n<td>41513\/18<\/td>\n<td>Yontar v. T\u00fcrkiye<\/td>\n<td width=\"88\">17\/08\/2018<\/td>\n<td width=\"149\"><strong>\u015e\u00fckr\u00fc YONTAR<\/strong><br \/>\n1977<br \/>\nTekirda\u011f<br \/>\nTurkish<\/td>\n<td width=\"139\">Mehmet Ert\u00fcrk ERDEV\u0130R<\/td>\n<\/tr>\n<tr>\n<td colspan=\"2\">18.<\/td>\n<td>44762\/18<\/td>\n<td>Yarb\u0131 v. T\u00fcrkiye<\/td>\n<td width=\"88\">17\/09\/2018<\/td>\n<td width=\"149\"><strong>Ayd\u0131n YARBI<\/strong><br \/>\n1972<br \/>\nYalova<br \/>\nTurkish<\/td>\n<td width=\"139\">Mehmet G\u00dcL<\/td>\n<\/tr>\n<tr>\n<td colspan=\"2\">19.<\/td>\n<td>44766\/18<\/td>\n<td>Yal\u00e7\u0131n v. T\u00fcrkiye<\/td>\n<td width=\"88\">14\/09\/2018<\/td>\n<td width=\"149\"><strong>Fatih YAL\u00c7IN<\/strong><br \/>\n1976<br \/>\nAnkara<br \/>\nTurkish<\/td>\n<td width=\"139\">Mehmet YAL\u00c7IN<\/td>\n<\/tr>\n<tr>\n<td colspan=\"2\">20.<\/td>\n<td>45472\/18<\/td>\n<td>Aydo\u011fan v. T\u00fcrkiye<\/td>\n<td width=\"88\">07\/09\/2018<\/td>\n<td width=\"149\"><strong>\u0130brahim AYDO\u011eAN<\/strong><br \/>\n1974<br \/>\nAnkara<br \/>\nTurkish<\/td>\n<td width=\"139\">Adem KAPLAN<\/td>\n<\/tr>\n<tr>\n<td colspan=\"2\">21.<\/td>\n<td>45473\/18<\/td>\n<td>Akmirza v. T\u00fcrkiye<\/td>\n<td width=\"88\">07\/09\/2018<\/td>\n<td width=\"149\"><strong>Bekir AKM\u0130RZA<\/strong><br \/>\n1968<br \/>\nK\u0131r\u015fehir<br \/>\nTurkish<\/td>\n<td width=\"139\">Adem KAPLAN<\/td>\n<\/tr>\n<tr>\n<td colspan=\"2\">22.<\/td>\n<td>45482\/18<\/td>\n<td>G\u00fcnd\u00fcz v. T\u00fcrkiye<\/td>\n<td width=\"88\">07\/09\/2018<\/td>\n<td width=\"149\"><strong>Murat G\u00dcND\u00dcZ<\/strong><br \/>\n1973<br \/>\nAnkara<br \/>\nTurkish<\/td>\n<td width=\"139\">Adem KAPLAN<\/td>\n<\/tr>\n<tr>\n<td colspan=\"2\">23.<\/td>\n<td>47781\/18<\/td>\n<td>Tekdemir v. T\u00fcrkiye<\/td>\n<td width=\"88\">09\/10\/2018<\/td>\n<td width=\"149\"><strong>Gazi TEKDEM\u0130R<\/strong><br \/>\n1964<br \/>\nIstanbul<br \/>\nTurkish<\/td>\n<td width=\"139\">Kamile \u00d6ZBULUT<\/td>\n<\/tr>\n<tr>\n<td colspan=\"2\">24.<\/td>\n<td>48351\/18<\/td>\n<td>K\u0131rda\u011f v. T\u00fcrkiye<\/td>\n<td width=\"88\">09\/10\/2018<\/td>\n<td width=\"149\"><strong>Hakan KIRDA\u011e<\/strong><br \/>\n1963<br \/>\nAnkara<br \/>\nTurkish<\/td>\n<td width=\"139\">Adem KAPLAN<\/td>\n<\/tr>\n<tr>\n<td colspan=\"2\">25.<\/td>\n<td>49301\/18<\/td>\n<td>Talu v. T\u00fcrkiye<\/td>\n<td width=\"88\">09\/10\/2018<\/td>\n<td width=\"149\"><strong>Emre TALU<\/strong><br \/>\n1990<br \/>\nSivas<br \/>\nTurkish<\/td>\n<td width=\"139\">\u015eeyma MISIRLIO\u011eLU<\/td>\n<\/tr>\n<tr>\n<td colspan=\"2\">26.<\/td>\n<td>49903\/18<\/td>\n<td>\u00d6rsel v. T\u00fcrkiye<\/td>\n<td width=\"88\">03\/10\/2018<\/td>\n<td width=\"149\"><strong>Ya\u015far \u00d6RSEL<\/strong><br \/>\n1972<br \/>\nK\u0131r\u015fehir<br \/>\nTurkish<\/td>\n<td width=\"139\">Lale KARADA\u015e<\/td>\n<\/tr>\n<tr>\n<td colspan=\"2\">27.<\/td>\n<td>50798\/18<\/td>\n<td>Demir v. T\u00fcrkiye<\/td>\n<td width=\"88\">11\/10\/2018<\/td>\n<td width=\"149\"><strong>Abdussamet DEM\u0130R<\/strong><br \/>\n1991<br \/>\nAnkara<br \/>\nTurkish<\/td>\n<td width=\"139\">Adem KAPLAN<\/td>\n<\/tr>\n<tr>\n<td colspan=\"2\">28.<\/td>\n<td>50799\/18<\/td>\n<td>Kara v. T\u00fcrkiye<\/td>\n<td width=\"88\">11\/10\/2018<\/td>\n<td width=\"149\"><strong>Harun KARA<\/strong><br \/>\n1980<br \/>\nIsparta<br \/>\nTurkish<\/td>\n<td width=\"139\">Adem KAPLAN<\/td>\n<\/tr>\n<tr>\n<td colspan=\"2\">29.<\/td>\n<td>51577\/18<\/td>\n<td>\u00d6zdemir v. T\u00fcrkiye<\/td>\n<td width=\"88\">15\/10\/2018<\/td>\n<td width=\"149\"><strong>\u0130smet \u00d6ZDEM\u0130R<\/strong><br \/>\n1974<br \/>\nManisa<br \/>\nTurkish<\/td>\n<td width=\"139\">\u0130smail G\u00dcNEY<\/td>\n<\/tr>\n<tr>\n<td colspan=\"2\">30.<\/td>\n<td>51690\/18<\/td>\n<td>Geleken v. T\u00fcrkiye<\/td>\n<td width=\"88\">26\/10\/2018<\/td>\n<td width=\"149\"><strong>Turgut GELEKEN<\/strong><br \/>\n1973<br \/>\n\u0130zmir<br \/>\nTurkish<\/td>\n<td width=\"139\">Mevl\u00fct Burak KAPTAN<\/td>\n<\/tr>\n<tr>\n<td colspan=\"2\">31.<\/td>\n<td>52456\/18<\/td>\n<td>Acar v. T\u00fcrkiye<\/td>\n<td width=\"88\">02\/11\/2018<\/td>\n<td width=\"149\"><strong>Emre ACAR<\/strong><br \/>\n1985<br \/>\nK\u0131r\u0131kkale<br \/>\nTurkish<\/td>\n<td width=\"139\">Abdurrahim SI\u011eIRTMA\u00c7<\/td>\n<\/tr>\n<tr>\n<td colspan=\"2\">32.<\/td>\n<td>52523\/18<\/td>\n<td>G\u00fcnal v. T\u00fcrkiye<\/td>\n<td width=\"88\">24\/10\/2018<\/td>\n<td width=\"149\"><strong>H\u00fcseyin G\u00dcNAL<\/strong><br \/>\n1971<br \/>\nAksaray<br \/>\nTurkish<\/td>\n<td width=\"139\">\u0130hsan MAKAS<\/td>\n<\/tr>\n<tr>\n<td colspan=\"2\">33.<\/td>\n<td>52623\/18<\/td>\n<td>Bayram v. T\u00fcrkiye<\/td>\n<td width=\"88\">26\/10\/2018<\/td>\n<td width=\"149\"><strong>Mehmet BAYRAM<\/strong><br \/>\n1985<br \/>\nTokat<br \/>\nTurkish<\/td>\n<td width=\"139\">Emre AKARYILDIZ<\/td>\n<\/tr>\n<tr>\n<td colspan=\"2\">34.<\/td>\n<td>53261\/18<\/td>\n<td>Kemer v. T\u00fcrkiye<\/td>\n<td width=\"88\">09\/11\/2018<\/td>\n<td width=\"149\"><strong>Sel\u00e7uk KEMER<\/strong><br \/>\n1967<br \/>\nBart\u0131n<br \/>\nTurkish<\/td>\n<td width=\"139\">Bekir D\u00d6NMEZ<\/td>\n<\/tr>\n<tr>\n<td colspan=\"2\">35.<\/td>\n<td>53933\/18<\/td>\n<td>Kalpakl\u0131 v. T\u00fcrkiye<\/td>\n<td width=\"88\">22\/10\/2018<\/td>\n<td width=\"149\"><strong>Fatma KALPAKLI<\/strong><br \/>\n1991<br \/>\nTekirda\u011f<br \/>\nTurkish<\/td>\n<td width=\"139\">Mehmet Ert\u00fcrk ERDEV\u0130R<\/td>\n<\/tr>\n<tr>\n<td colspan=\"2\">36.<\/td>\n<td>54989\/18<\/td>\n<td>Ya\u011f\u0131z v. T\u00fcrkiye<\/td>\n<td width=\"88\">05\/11\/2018<\/td>\n<td width=\"149\"><strong>\u0130brahim YA\u011eIZ<\/strong><br \/>\n1971<br \/>\nAntalya<br \/>\nTurkish<\/td>\n<td width=\"139\">Burhan AYDIN<\/td>\n<\/tr>\n<tr>\n<td colspan=\"2\">37.<\/td>\n<td>56023\/18<\/td>\n<td>Alaku\u015f v. T\u00fcrkiye<\/td>\n<td width=\"88\">31\/10\/2018<\/td>\n<td width=\"149\"><strong>Fatih ALAKU\u015e<\/strong><br \/>\n1970<br \/>\nEski\u015fehir<br \/>\nTurkish<\/td>\n<td width=\"139\">Kurtulu\u015f BA\u015eT\u0130MAR<\/td>\n<\/tr>\n<tr>\n<td colspan=\"2\">38.<\/td>\n<td>56482\/18<\/td>\n<td>Asilt\u00fcrk v. T\u00fcrkiye<\/td>\n<td width=\"88\">26\/11\/2018<\/td>\n<td width=\"149\"><strong>Ramazan ASILT\u00dcRK<\/strong><br \/>\n1977<br \/>\nBolu<br \/>\nTurkish<\/td>\n<td width=\"139\">Adem D\u00dcZG\u00dcN<\/td>\n<\/tr>\n<tr>\n<td colspan=\"2\">39.<\/td>\n<td>57561\/18<\/td>\n<td>Demir v. T\u00fcrkiye<\/td>\n<td width=\"88\">02\/11\/2018<\/td>\n<td width=\"149\"><strong>Osman DEM\u0130R<\/strong><br \/>\n1976<br \/>\nAnkara<br \/>\nTurkish<\/td>\n<td width=\"139\">Demet Y\u00dcREKL\u0130 KAYAALP<\/td>\n<\/tr>\n<tr>\n<td colspan=\"2\">40.<\/td>\n<td>58256\/18<\/td>\n<td>Kaleli v. T\u00fcrkiye<\/td>\n<td width=\"88\">21\/11\/2018<\/td>\n<td width=\"149\"><strong>Nurullah KALEL\u0130<\/strong><br \/>\n1987<br \/>\nKonya<br \/>\nTurkish<\/td>\n<td width=\"139\">Recep ALTUN<\/td>\n<\/tr>\n<tr>\n<td colspan=\"2\">41.<\/td>\n<td>58801\/18<\/td>\n<td>Karaka\u015f v. T\u00fcrkiye<\/td>\n<td width=\"88\">21\/11\/2018<\/td>\n<td width=\"149\"><strong>Mecit KARAKA\u015e<\/strong><br \/>\n1989<br \/>\nEski\u015fehir<br \/>\nTurkish<\/td>\n<td width=\"139\">Adem KAPLAN<\/td>\n<\/tr>\n<tr>\n<td colspan=\"2\">42.<\/td>\n<td>59988\/18<\/td>\n<td>Acar v. T\u00fcrkiye<\/td>\n<td width=\"88\">07\/12\/2018<\/td>\n<td width=\"149\"><strong>Mehmet ACAR<\/strong><br \/>\n1974<br \/>\nBursa<br \/>\nTurkish<\/td>\n<td width=\"139\">\u00c7i\u011fdem DERD\u0130YOK KUBULAN<\/td>\n<\/tr>\n<tr>\n<td colspan=\"2\">43.<\/td>\n<td>2366\/19<\/td>\n<td>Cildan v. T\u00fcrkiye<\/td>\n<td width=\"88\">03\/12\/2018<\/td>\n<td width=\"149\"><strong>Halit C\u0130LDAN<\/strong><br \/>\n1969<br \/>\nHatay<br \/>\nTurkish<\/td>\n<td width=\"139\">Bilal \u00c7\u00d6RT\u00dcK<\/td>\n<\/tr>\n<tr>\n<td colspan=\"2\">44.<\/td>\n<td>2857\/19<\/td>\n<td>\u00d6bekci v. T\u00fcrkiye<\/td>\n<td width=\"88\">03\/01\/2019<\/td>\n<td width=\"149\"><strong>Yusuf \u00d6BEKC\u0130<\/strong><br \/>\n1971<br \/>\nAnkara<br \/>\nTurkish<\/td>\n<td width=\"139\"><\/td>\n<\/tr>\n<tr>\n<td colspan=\"2\">45.<\/td>\n<td>3026\/19<\/td>\n<td>Kulaks\u0131z v. T\u00fcrkiye<\/td>\n<td width=\"88\">21\/12\/2018<\/td>\n<td width=\"149\"><strong>Muhammet Yusuf KULAKSIZ<\/strong><br \/>\n1970<br \/>\nIstanbul<br \/>\nTurkish<\/td>\n<td width=\"139\">Hasan Tahsin I\u015eILTAN<\/td>\n<\/tr>\n<tr>\n<td colspan=\"2\">46.<\/td>\n<td>3252\/19<\/td>\n<td>Yaprak v. T\u00fcrkiye<\/td>\n<td width=\"88\">25\/12\/2018<\/td>\n<td width=\"149\"><strong>Amir YAPRAK<\/strong><br \/>\nTokat<br \/>\nTurkish<\/td>\n<td width=\"139\">\u015eeyma MISIRLIO\u011eLU<\/td>\n<\/tr>\n<tr>\n<td colspan=\"2\">47.<\/td>\n<td>3774\/19<\/td>\n<td>Turhan v. T\u00fcrkiye<\/td>\n<td width=\"88\">26\/12\/2018<\/td>\n<td width=\"149\"><strong>Murat TURHAN<\/strong><br \/>\n1984<br \/>\nDenizli<br \/>\nTurkish<\/td>\n<td width=\"139\">G\u00fclhis Y\u00d6R\u00dcK<\/td>\n<\/tr>\n<tr>\n<td colspan=\"2\">48.<\/td>\n<td>3984\/19<\/td>\n<td>Dake\u015fo\u011flu v. T\u00fcrkiye<\/td>\n<td width=\"88\">09\/01\/2019<\/td>\n<td width=\"149\"><strong>Ali \u0130hsan DAKE\u015eO\u011eLU<\/strong><br \/>\n1979<br \/>\nRize<br \/>\nTurkish<\/td>\n<td width=\"139\"><\/td>\n<\/tr>\n<tr>\n<td colspan=\"2\">49.<\/td>\n<td>4053\/19<\/td>\n<td>Se\u00e7kin v. T\u00fcrkiye<\/td>\n<td width=\"88\">28\/12\/2018<\/td>\n<td width=\"149\"><strong>Ahmet SE\u00c7K\u0130N<\/strong><br \/>\n1977<br \/>\nAnkara<br \/>\nTurkish<\/td>\n<td width=\"139\">Adem KAPLAN<\/td>\n<\/tr>\n<tr>\n<td>50.<\/td>\n<td>4074\/19<\/td>\n<td>Deniz v. T\u00fcrkiye<\/td>\n<td width=\"88\">28\/12\/2018<\/td>\n<td width=\"149\"><strong>Cengiz DEN\u0130Z<\/strong><br \/>\n1973<br \/>\nElaz\u0131\u011f<br \/>\nTurkish<\/td>\n<td width=\"139\">Adem KAPLAN<\/td>\n<\/tr>\n<tr>\n<td>51.<\/td>\n<td>4079\/19<\/td>\n<td>\u0130nan v. T\u00fcrkiye<\/td>\n<td width=\"88\">28\/12\/2018<\/td>\n<td width=\"149\"><strong>Burhan \u0130NAN<\/strong><br \/>\n1983<br \/>\nAnkara<br \/>\nTurkish<\/td>\n<td width=\"139\">Adem KAPLAN<\/td>\n<\/tr>\n<tr>\n<td>52.<\/td>\n<td>4105\/19<\/td>\n<td>Do\u011fan v. T\u00fcrkiye<\/td>\n<td width=\"88\">30\/11\/2018<\/td>\n<td width=\"149\"><strong>Ramazan Fatih DO\u011eAN<\/strong><br \/>\n1985<br \/>\n\u0130zmir<br \/>\nTurkish<\/td>\n<td width=\"139\">Kadir \u00d6ZT\u00dcRK<\/td>\n<\/tr>\n<tr>\n<td>53.<\/td>\n<td>4240\/19<\/td>\n<td>Yelkesen v. T\u00fcrkiye<\/td>\n<td width=\"88\">07\/01\/2019<\/td>\n<td width=\"149\"><strong>Mehmet Akif YELKESEN<\/strong><br \/>\n1972<br \/>\nHatay<br \/>\nTurkish<\/td>\n<td width=\"139\">Erdo\u011fan SARA\u00c7<\/td>\n<\/tr>\n<tr>\n<td>54.<\/td>\n<td>5539\/19<\/td>\n<td>\u00c7o\u015fkun v. T\u00fcrkiye<\/td>\n<td width=\"88\">07\/01\/2019<\/td>\n<td width=\"149\"><strong>Ferhat CO\u015eKUN<\/strong><br \/>\n1981<br \/>\nKayseri<br \/>\nTurkish<\/td>\n<td width=\"139\">Zehra KARAKULAK BOZDA\u011e<\/td>\n<\/tr>\n<tr>\n<td>55.<\/td>\n<td>5561\/19<\/td>\n<td>G\u00fcr\u015fen v. T\u00fcrkiye<\/td>\n<td width=\"88\">31\/12\/2018<\/td>\n<td width=\"149\"><strong>Cihan Murat G\u00dcR\u015eEN<\/strong><br \/>\n1980<br \/>\nKonya<br \/>\nTurkish<\/td>\n<td width=\"139\">Kadir \u00d6ZT\u00dcRK<\/td>\n<\/tr>\n<tr>\n<td>56.<\/td>\n<td>5900\/19<\/td>\n<td>\u00d6zdemir v. T\u00fcrkiye<\/td>\n<td width=\"88\">17\/01\/2019<\/td>\n<td width=\"149\"><strong>Mikail \u00d6ZDEM\u0130R<\/strong><br \/>\n1991<br \/>\nTrabzon<br \/>\nTurkish<\/td>\n<td width=\"139\">Vahdeddin VARLI<\/td>\n<\/tr>\n<tr>\n<td>57.<\/td>\n<td>6189\/19<\/td>\n<td>Aygen v. T\u00fcrkiye<\/td>\n<td width=\"88\">17\/12\/2018<\/td>\n<td width=\"149\"><strong>Ziya AYGEN<\/strong><br \/>\n1974<br \/>\nAnkara<br \/>\nTurkish<\/td>\n<td width=\"139\">Adem KAPLAN<\/td>\n<\/tr>\n<tr>\n<td>58.<\/td>\n<td>6193\/19<\/td>\n<td>Vurucu v. T\u00fcrkiye<\/td>\n<td width=\"88\">17\/12\/2018<\/td>\n<td width=\"149\"><strong>\u0130smail VURUCU<\/strong><br \/>\n1985<br \/>\nAnkara<br \/>\nTurkish<\/td>\n<td width=\"139\">Adem KAPLAN<\/td>\n<\/tr>\n<tr>\n<td>59.<\/td>\n<td>6316\/19<\/td>\n<td>Re\u00e7ber v. T\u00fcrkiye<\/td>\n<td width=\"88\">10\/01\/2019<\/td>\n<td width=\"149\"><strong>Emre RE\u00c7BER<\/strong><br \/>\n1986<br \/>\nAnkara<br \/>\nTurkish<\/td>\n<td width=\"139\">Burak \u00c7OLAK<\/td>\n<\/tr>\n<tr>\n<td>60.<\/td>\n<td>6588\/19<\/td>\n<td>K\u0131l\u0131\u00e7 v. T\u00fcrkiye<\/td>\n<td width=\"88\">23\/01\/2019<\/td>\n<td width=\"149\"><strong>H\u00fcseyin Gazi KILI\u00c7<\/strong><br \/>\n1974<br \/>\nKahramanmara\u015f<br \/>\nTurkish<\/td>\n<td width=\"139\">Emre KOZANDA\u011eI<\/td>\n<\/tr>\n<tr>\n<td>61.<\/td>\n<td>6979\/19<\/td>\n<td>Akg\u00fcl v. T\u00fcrkiye<\/td>\n<td width=\"88\">17\/01\/2019<\/td>\n<td width=\"149\"><strong>Ra\u015fit AKG\u00dcL<\/strong><br \/>\n1962<br \/>\nK\u0131r\u0131kkale<br \/>\nTurkish<\/td>\n<td width=\"139\">Hasan H\u00fcseyin ERDO\u011eAN<\/td>\n<\/tr>\n<tr>\n<td>62.<\/td>\n<td>7100\/19<\/td>\n<td>Y\u0131ld\u0131z v. T\u00fcrkiye<\/td>\n<td width=\"88\">24\/01\/2019<\/td>\n<td width=\"149\"><strong>Sezgin YILDIZ<\/strong><br \/>\n1976<br \/>\nManisa<br \/>\nTurkish<\/td>\n<td width=\"139\">\u00d6mer K\u00d6STEK\u00c7\u0130<\/td>\n<\/tr>\n<tr>\n<td>63.<\/td>\n<td>7134\/19<\/td>\n<td>Asr\u0131 v. T\u00fcrkiye<\/td>\n<td width=\"88\">23\/01\/2019<\/td>\n<td width=\"149\"><strong>Ekrem ASRI<\/strong><br \/>\nAntalya<br \/>\nTurkish<\/td>\n<td width=\"139\">Yusuf Sait PEKG\u00d6Z<\/td>\n<\/tr>\n<tr>\n<td>64.<\/td>\n<td>7269\/19<\/td>\n<td>Ejder v. T\u00fcrkiye<\/td>\n<td width=\"88\">24\/01\/2019<\/td>\n<td width=\"149\"><strong>Ay\u015fe EJDER<\/strong><br \/>\n1964<br \/>\nKars<br \/>\nTurkish<\/td>\n<td width=\"139\">\u00d6zcan AKINCI<\/td>\n<\/tr>\n<tr>\n<td>65.<\/td>\n<td>7824\/19<\/td>\n<td>D\u00fczg\u00fcn v. T\u00fcrkiye<\/td>\n<td width=\"88\">28\/01\/2019<\/td>\n<td width=\"149\"><strong>\u0130smail D\u00dcZG\u00dcN<\/strong><br \/>\n1983<br \/>\nAntalya<br \/>\nTurkish<\/td>\n<td width=\"139\">Emre \u00d6ZD\u0130K\u0130C\u0130ERLER<\/td>\n<\/tr>\n<tr>\n<td>66.<\/td>\n<td>7996\/19<\/td>\n<td>Kaya v. T\u00fcrkiye<\/td>\n<td width=\"88\">24\/01\/2019<\/td>\n<td width=\"149\"><strong>Mehmet KAYA<\/strong><br \/>\n1988<br \/>\nIstanbul<br \/>\nTurkish<\/td>\n<td width=\"139\">\u0130rem TATLIDEDE<\/td>\n<\/tr>\n<tr>\n<td>67.<\/td>\n<td>8413\/19<\/td>\n<td>Atalay v. T\u00fcrkiye<\/td>\n<td width=\"88\">30\/01\/2019<\/td>\n<td width=\"149\"><strong>Cemal ATALAY<\/strong><br \/>\n1986<br \/>\nBursa<br \/>\nTurkish<\/td>\n<td width=\"139\"><\/td>\n<\/tr>\n<tr>\n<td>68.<\/td>\n<td>8990\/19<\/td>\n<td>Bal v. T\u00fcrkiye<\/td>\n<td width=\"88\">30\/01\/2019<\/td>\n<td width=\"149\"><strong>Mustafa BAL<\/strong><br \/>\n1972<br \/>\nGiresun<br \/>\nTurkish<\/td>\n<td width=\"139\">\u015e\u00fckr\u00fc KOCUK<\/td>\n<\/tr>\n<tr>\n<td>69.<\/td>\n<td>9121\/19<\/td>\n<td>Asr\u0131 v. T\u00fcrkiye<\/td>\n<td width=\"88\">11\/02\/2019<\/td>\n<td width=\"149\"><strong>\u0130sa Samet ASRI<\/strong><br \/>\n1996<br \/>\nAntalya<br \/>\nTurkish<\/td>\n<td width=\"139\">Yusuf Sait PEKG\u00d6Z<\/td>\n<\/tr>\n<tr>\n<td>70.<\/td>\n<td>9195\/19<\/td>\n<td>K\u00f6k\u00f6z v. T\u00fcrkiye<\/td>\n<td width=\"88\">22\/01\/2019<\/td>\n<td width=\"149\"><strong>Ramazan K\u00d6K\u00d6Z<\/strong><br \/>\n1973<br \/>\nManisa<br \/>\nTurkish<\/td>\n<td width=\"139\">As\u0131m Burak G\u00dcNE\u015e<\/td>\n<\/tr>\n<tr>\n<td>71.<\/td>\n<td>9332\/19<\/td>\n<td>\u015eenyayla v. T\u00fcrkiye<\/td>\n<td width=\"88\">06\/02\/2019<\/td>\n<td width=\"149\"><strong>Zeki \u015eENYAYLA<\/strong><br \/>\n1974<br \/>\nAnkara<br \/>\nTurkish<\/td>\n<td width=\"139\">\u00dcsame \u0130NAN<\/td>\n<\/tr>\n<tr>\n<td>72.<\/td>\n<td>9380\/19<\/td>\n<td>Irk v. T\u00fcrkiye<\/td>\n<td width=\"88\">25\/01\/2019<\/td>\n<td width=\"149\"><strong>M\u00fcmtaz \u0130RK<\/strong><br \/>\n1980<br \/>\nAksaray<br \/>\nTurkish<\/td>\n<td width=\"139\">Emre KOZANDA\u011eI<\/td>\n<\/tr>\n<tr>\n<td>73.<\/td>\n<td>9446\/19<\/td>\n<td>G\u00fcne\u015f v. T\u00fcrkiye<\/td>\n<td width=\"88\">09\/02\/2019<\/td>\n<td width=\"149\"><strong>Cemal G\u00dcNE\u015e<\/strong><br \/>\n1988<br \/>\nAntalya<br \/>\nTurkish<\/td>\n<td width=\"139\">Yusuf Sait PEKG\u00d6Z<\/td>\n<\/tr>\n<tr>\n<td>74.<\/td>\n<td>9452\/19<\/td>\n<td>Uzay v. T\u00fcrkiye<\/td>\n<td width=\"88\">31\/01\/2019<\/td>\n<td width=\"149\"><strong>Sadettin UZAY<\/strong><br \/>\n1972<br \/>\nKahramanmara\u015f<br \/>\nTurkish<\/td>\n<td width=\"139\">Mehmet \u00d6NC\u00dc<\/td>\n<\/tr>\n<tr>\n<td>75.<\/td>\n<td>9462\/19<\/td>\n<td>\u00d6z v. T\u00fcrkiye<\/td>\n<td width=\"88\">15\/01\/2019<\/td>\n<td width=\"149\"><strong>Ali \u00d6Z<\/strong><br \/>\n1970<br \/>\nKonya<br \/>\nTurkish<\/td>\n<td width=\"139\">Selda Devrim YILDIRIM<\/td>\n<\/tr>\n<tr>\n<td>76.<\/td>\n<td>9815\/19<\/td>\n<td>G\u00fcne\u015f v. T\u00fcrkiye<\/td>\n<td width=\"88\">05\/02\/2019<\/td>\n<td width=\"149\"><strong>Recep G\u00dcNE\u015e<\/strong><br \/>\n1974<br \/>\nSiirt<br \/>\nTurkish<\/td>\n<td width=\"139\">Hasan TOK<\/td>\n<\/tr>\n<tr>\n<td>77.<\/td>\n<td>9981\/19<\/td>\n<td>Y\u0131ld\u0131r\u0131m v. T\u00fcrkiye<\/td>\n<td width=\"88\">05\/02\/2019<\/td>\n<td width=\"149\"><strong>Zeynel YILDIRIM<\/strong><br \/>\n1980<br \/>\nAnkara<br \/>\nTurkish<\/td>\n<td width=\"139\">Tar\u0131k Said G\u00dcLD\u0130B\u0130<\/td>\n<\/tr>\n<tr>\n<td>78.<\/td>\n<td>10173\/19<\/td>\n<td>Ta\u015fk\u0131n v. T\u00fcrkiye<\/td>\n<td width=\"88\">07\/02\/2019<\/td>\n<td width=\"149\"><strong>Ahmet TA\u015eKIN<\/strong><br \/>\n1972<br \/>\nAntalya<br \/>\nTurkish<\/td>\n<td width=\"139\">Yusuf Sait PEKG\u00d6Z<\/td>\n<\/tr>\n<tr>\n<td>79.<\/td>\n<td>11313\/19<\/td>\n<td>G\u00fcrb\u00fcz v. T\u00fcrkiye<\/td>\n<td width=\"88\">20\/02\/2019<\/td>\n<td width=\"149\"><strong>Ahmet G\u00dcRB\u00dcZ<\/strong><br \/>\n1974<br \/>\nElaz\u0131\u011f<br \/>\nTurkish<\/td>\n<td width=\"139\">Mehmet S\u0131dd\u0131k KARAG\u00d6Z<\/td>\n<\/tr>\n<tr>\n<td>80.<\/td>\n<td>11333\/19<\/td>\n<td>Hazin v. T\u00fcrkiye<\/td>\n<td width=\"88\">11\/02\/2019<\/td>\n<td width=\"149\"><strong>Mesut HAZIN<\/strong><br \/>\n1980<br \/>\nK\u0131r\u015fehir<br \/>\nTurkish<\/td>\n<td width=\"139\">Lale KARADA\u015e<\/td>\n<\/tr>\n<tr>\n<td>81.<\/td>\n<td>21352\/19<\/td>\n<td>Ba\u015fyi\u011fit v. T\u00fcrkiye<\/td>\n<td width=\"88\">16\/04\/2019<\/td>\n<td width=\"149\"><strong>Mahmut BA\u015eY\u0130\u011e\u0130T<\/strong><br \/>\n1970<br \/>\nAydin<br \/>\nTurkish<\/td>\n<td width=\"139\">\u00d6zlem SUZAN<\/td>\n<\/tr>\n<tr>\n<td>82.<\/td>\n<td>36350\/19<\/td>\n<td>Alt\u0131parmak v. T\u00fcrkiye<\/td>\n<td width=\"88\">01\/07\/2019<\/td>\n<td width=\"149\"><strong>\u00d6mer ALTIPARMAK<\/strong><br \/>\n1975<br \/>\nKahramanmara\u015f<br \/>\nTurkish<\/td>\n<td width=\"139\">Necip Faz\u0131l YILDIZ<\/td>\n<\/tr>\n<\/tbody>\n<\/table>\n<div class=\"social-share-buttons\"><a href=\"https:\/\/www.facebook.com\/sharer\/sharer.php?u=https:\/\/laweuro.com\/?p=21871\" target=\"_blank\" rel=\"noopener\">Facebook<\/a><a href=\"https:\/\/twitter.com\/intent\/tweet?url=https:\/\/laweuro.com\/?p=21871&text=CASE+OF+MECIT+AND+OTHERS+v.+T%C3%9CRK%C4%B0YE+%E2%80%93+69884%2F17+and+81+others\" target=\"_blank\" rel=\"noopener\">Twitter<\/a><a href=\"https:\/\/www.linkedin.com\/shareArticle?url=https:\/\/laweuro.com\/?p=21871&title=CASE+OF+MECIT+AND+OTHERS+v.+T%C3%9CRK%C4%B0YE+%E2%80%93+69884%2F17+and+81+others\" target=\"_blank\" rel=\"noopener\">LinkedIn<\/a><a href=\"https:\/\/pinterest.com\/pin\/create\/button\/?url=https:\/\/laweuro.com\/?p=21871&description=CASE+OF+MECIT+AND+OTHERS+v.+T%C3%9CRK%C4%B0YE+%E2%80%93+69884%2F17+and+81+others\" target=\"_blank\" rel=\"noopener\">Pinterest<\/a><\/div>","protected":false},"excerpt":{"rendered":"<p>The present applications mainly concern the arrest and pre-trial detention of the applicants in the aftermath of the coup attempt of 15\u00a0July\u00a02016, on suspicion of their membership of an organisation described by the Turkish authorities as the\u00a0\u201cFetullahist Terror Organisation \/&hellip;<\/p>\n<p class=\"more-link-p\"><a class=\"more-link\" href=\"https:\/\/laweuro.com\/?p=21871\">Read more &rarr;<\/a><\/p>\n","protected":false},"author":1,"featured_media":0,"comment_status":"open","ping_status":"closed","sticky":false,"template":"","format":"standard","meta":{"footnotes":""},"categories":[1],"tags":[],"class_list":["post-21871","post","type-post","status-publish","format-standard","hentry","category-available-in-english"],"_links":{"self":[{"href":"https:\/\/laweuro.com\/index.php?rest_route=\/wp\/v2\/posts\/21871","targetHints":{"allow":["GET"]}}],"collection":[{"href":"https:\/\/laweuro.com\/index.php?rest_route=\/wp\/v2\/posts"}],"about":[{"href":"https:\/\/laweuro.com\/index.php?rest_route=\/wp\/v2\/types\/post"}],"author":[{"embeddable":true,"href":"https:\/\/laweuro.com\/index.php?rest_route=\/wp\/v2\/users\/1"}],"replies":[{"embeddable":true,"href":"https:\/\/laweuro.com\/index.php?rest_route=%2Fwp%2Fv2%2Fcomments&post=21871"}],"version-history":[{"count":2,"href":"https:\/\/laweuro.com\/index.php?rest_route=\/wp\/v2\/posts\/21871\/revisions"}],"predecessor-version":[{"id":21873,"href":"https:\/\/laweuro.com\/index.php?rest_route=\/wp\/v2\/posts\/21871\/revisions\/21873"}],"wp:attachment":[{"href":"https:\/\/laweuro.com\/index.php?rest_route=%2Fwp%2Fv2%2Fmedia&parent=21871"}],"wp:term":[{"taxonomy":"category","embeddable":true,"href":"https:\/\/laweuro.com\/index.php?rest_route=%2Fwp%2Fv2%2Fcategories&post=21871"},{"taxonomy":"post_tag","embeddable":true,"href":"https:\/\/laweuro.com\/index.php?rest_route=%2Fwp%2Fv2%2Ftags&post=21871"}],"curies":[{"name":"wp","href":"https:\/\/api.w.org\/{rel}","templated":true}]}}